{"id":423,"date":"2024-12-16T15:41:58","date_gmt":"2024-12-16T14:41:58","guid":{"rendered":"http:\/\/cassandrewerrebrouck.be\/?p=423"},"modified":"2024-12-16T18:18:26","modified_gmt":"2024-12-16T17:18:26","slug":"lemdr-comme-nouvelle-approche-therapeutique","status":"publish","type":"post","link":"https:\/\/cassandrewerrebrouck.be\/index.php\/2024\/12\/16\/lemdr-comme-nouvelle-approche-therapeutique\/","title":{"rendered":"L\u2019EMDR comme nouvelle approche th\u00e9rapeutique."},"content":{"rendered":"\n<p>Il y a 30 ans\u2026 je terminais mes \u00e9tudes de psychologie. Je l\u2019ignorais alors mais loin d\u2019\u00eatre une fin, ce n\u2019\u00e9tait bien entendu que le d\u00e9but d\u2019un long parcours destin\u00e9 \u00e0 comprendre, soutenir, accompagner, apaiser les nombreuses personnes que je rencontrerai.<\/p>\n\n\n\n<p>Je me suis bien vite rendu compte de la diversit\u00e9 des probl\u00e9matiques et des sensibilit\u00e9s.<\/p>\n\n\n\n<p>Une approche unique me semble aujourd\u2019hui encore bien inad\u00e9quate au regard des multiples facettes du fonctionnement humain. La th\u00e9rapie syst\u00e9mique <em>(qui apporte une compr\u00e9hension globale de la personne dans son contexte de vie et \u00e0 travers ses relations avec ses proches)<\/em> est d\u00e9j\u00e0 venue apporter un \u00e9clairage fondamental \u00e0 ma pratique et reste une approche \u00e0 laquelle je suis fid\u00e8le.<\/p>\n\n\n\n<!--more-->\n\n\n\n<p>L\u2019hippoth\u00e9rapie me permet depuis huit ans d\u00e9j\u00e0, d\u2019accompagner autrement certaines personnes en utilisant l\u2019exp\u00e9rience et la sensibilit\u00e9 \u00e9quine en plus des mots.<\/p>\n\n\n\n<p>Il arrive toutefois que, malgr\u00e9 un cheminement th\u00e9rapeutique qui nous permet de mieux nous connaitre et d\u2019appr\u00e9hender davantage notre mode de fonctionnement personnel et relationnel, nous demeurions bloqu\u00e9s avec des sympt\u00f4mes. Ces sympt\u00f4mes, certes devenus compr\u00e9hensibles n\u2019en restent pas moins pr\u00e9sents et d\u00e9rangeants.<\/p>\n\n\n\n<p>C\u2019est ce qui m\u2019a pouss\u00e9e \u00e0 me former \u00e0 la th\u00e9rapie EMDR. Cette approche aide \u00e0 retraiter des souvenirs \u00ab\u00a0non dig\u00e9r\u00e9s\u00a0\u00bb pour les rendre moins perturbants. En effet, certains \u00e9pisodes du pass\u00e9 peuvent continuer \u00e0 nous envahir dans le pr\u00e9sent sans que nous ayons d\u2019ailleurs toujours conscience du ou des liens avec notre histoire. Ces souvenirs cumul\u00e9s peuvent g\u00e9n\u00e9rer de fausses croyances sur nous-m\u00eames qui nous poursuivent et dont il est bien difficile de se d\u00e9faire. C\u2019est en aidant au retraitement cognitif et \u00e9motionnel de ces souvenirs que la th\u00e9rapie EMDR aide \u00e0 surmonter les traumatismes et \u00e0 se d\u00e9faire des sympt\u00f4mes qui en d\u00e9coulent.<\/p>\n\n\n\n<p>Depuis le d\u00e9but de cette ann\u00e9e 2024, j\u2019accompagne donc les personnes pour qui cette approche est indiqu\u00e9e, dans l\u2019exploration de leurs souvenirs douloureux afin de permettre \u00e0 leur cerveau de les retraiter autrement et de se d\u00e9gager de la charge \u00e9motionnelle qui les entoure. Ceci s\u2019int\u00e8gre et compl\u00e8te l\u2019accompagnement th\u00e9rapeutique propos\u00e9 auparavant.<\/p>\n\n\n\n<p>Si vous souhaitez traiter vos probl\u00e8mes \u00e0 la racine, vous d\u00e9faire de pens\u00e9es n\u00e9gatives et des sensations corporelles d\u00e9sagr\u00e9ables qui les accompagnent, faites le pas&nbsp;!<\/p>\n\n\n\n<figure class=\"is-layout-flex wp-block-gallery-1 wp-block-gallery has-nested-images columns-default is-cropped\">\n<figure class=\"wp-block-image size-large\"><img decoding=\"async\" loading=\"lazy\" width=\"750\" height=\"1000\" data-id=\"308\"  src=\"http:\/\/cassandrewerrebrouck.be\/wp-content\/uploads\/2021\/02\/153969515_448967886253718_6399263994354546543_n.jpg\" alt=\"Les marais d'Hergnies\" class=\"wp-image-308\" srcset=\"http:\/\/cassandrewerrebrouck.be\/wp-content\/uploads\/2021\/02\/153969515_448967886253718_6399263994354546543_n.jpg 750w, http:\/\/cassandrewerrebrouck.be\/wp-content\/uploads\/2021\/02\/153969515_448967886253718_6399263994354546543_n-480x640.jpg 480w\" sizes=\"(min-width: 0px) and (max-width: 480px) 480px, (min-width: 481px) 750px, 100vw\" \/><figcaption class=\"wp-element-caption\">Les marais d&rsquo;Hergnies en hiver 2021, une semaine apr\u00e8s les fortes gel\u00e9e de f\u00e9vrier, lors d&rsquo;une promenade \u00e0 cheval<\/figcaption><\/figure>\n<\/figure>\n","protected":false},"excerpt":{"rendered":"<p>Il y a 30 ans\u2026 je terminais mes \u00e9tudes de psychologie. Je l\u2019ignorais alors mais loin d\u2019\u00eatre une fin, ce n\u2019\u00e9tait bien entendu que le d\u00e9but d\u2019un long parcours destin\u00e9 \u00e0 comprendre, soutenir, accompagner, apaiser les nombreuses personnes que je rencontrerai. Je me suis bien vite rendu compte de la diversit\u00e9 des probl\u00e9matiques et des [&hellip;]<\/p>\n","protected":false},"author":3,"featured_media":0,"comment_status":"closed","ping_status":"closed","sticky":true,"template":"","format":"standard","meta":{"_et_pb_use_builder":"","_et_pb_old_content":"","_et_gb_content_width":""},"categories":[2],"tags":[],"_links":{"self":[{"href":"https:\/\/cassandrewerrebrouck.be\/index.php\/wp-json\/wp\/v2\/posts\/423"}],"collection":[{"href":"https:\/\/cassandrewerrebrouck.be\/index.php\/wp-json\/wp\/v2\/posts"}],"about":[{"href":"https:\/\/cassandrewerrebrouck.be\/index.php\/wp-json\/wp\/v2\/types\/post"}],"author":[{"embeddable":true,"href":"https:\/\/cassandrewerrebrouck.be\/index.php\/wp-json\/wp\/v2\/users\/3"}],"replies":[{"embeddable":true,"href":"https:\/\/cassandrewerrebrouck.be\/index.php\/wp-json\/wp\/v2\/comments?post=423"}],"version-history":[{"count":5,"href":"https:\/\/cassandrewerrebrouck.be\/index.php\/wp-json\/wp\/v2\/posts\/423\/revisions"}],"predecessor-version":[{"id":430,"href":"https:\/\/cassandrewerrebrouck.be\/index.php\/wp-json\/wp\/v2\/posts\/423\/revisions\/430"}],"wp:attachment":[{"href":"https:\/\/cassandrewerrebrouck.be\/index.php\/wp-json\/wp\/v2\/media?parent=423"}],"wp:term":[{"taxonomy":"category","embeddable":true,"href":"https:\/\/cassandrewerrebrouck.be\/index.php\/wp-json\/wp\/v2\/categories?post=423"},{"taxonomy":"post_tag","embeddable":true,"href":"https:\/\/cassandrewerrebrouck.be\/index.php\/wp-json\/wp\/v2\/tags?post=423"}],"curies":[{"name":"wp","href":"https:\/\/api.w.org\/{rel}","templated":true}]}}